{"id":2458,"date":"2026-09-04T09:49:57","date_gmt":"2026-09-04T09:49:57","guid":{"rendered":"https:\/\/particip-action.com\/?p=2458"},"modified":"2026-09-04T09:49:57","modified_gmt":"2026-09-04T09:49:57","slug":"la-coordination-et-le-redoublement-conjonctif-de-et-ou-ni-mais-car-donc-or-etude-stylistique","status":"publish","type":"post","link":"https:\/\/particip-action.com\/?p=2458","title":{"rendered":"LA COORDINATION ET LE REDOUBLEMENT CONJONCTIF DE ET, OU, NI, MAIS, CAR, DONC, OR : ETUDE STYLISTIQUE"},"content":{"rendered":"<p style=\"text-align: justify;\">\n<span style=\"text-decoration: underline;\"><strong>R\u00e9sum\u00e9<\/strong><\/span><br \/>\nLe fran\u00e7ais est \u00ab une langue difficile \u00bb, comme le disait Sidonie Gabrielle Colette (Pr\u00e9face du bon usage, 1936, p.06) et \u00ab se r\u00e9v\u00e8le exigeant le scrupule d\u2019\u00e9pouser les lignes fluctuantes d\u2019une \u00e9volution de la langue \u00e9crite qui connait des pouss\u00e9es brusques et des ralentissements, des acc\u00e8s de fi\u00e8vre et des moments d\u2019h\u00e9sitation \u00bb. Cette \u00e9tude sur la coordination et le redoublement conjonctif confirme cette probl\u00e9matique. Elle d\u00e9montre que l\u2019analyse stylistique de la coordination, m\u00eame simplifi\u00e9e, est tr\u00e8s laborieuse et r\u00e9v\u00e8le par la suite l\u2019\u00e9tendue de la coordination et la diversit\u00e9 de ses emplois : coordination nominale, adjectivale, adverbiale, propositionnelle, etc. En outre, avec le fonctionnement stylistique des redoublements du type et\u2026et, ou\u2026ou, ni\u2026ni, l\u2019\u00e9tude montre qu\u2019ils fonctionnent exactement comme les syst\u00e8mes corr\u00e9latifs et satisfont \u00e0 leurs crit\u00e8res essentiels \u00e0 savoir l\u2019implication r\u00e9ciproque de deux marques grammaticales.<br \/>\nMots-cl\u00e9s : Coordination, conjonction, phrase, redoublement, expression.<br \/>\n<span style=\"text-decoration: underline;\"><strong>Abstract<\/strong><\/span><br \/>\nFrench is \u201ca difficult language,\u201d as Colette said, and \u201creveals itself as demanding, requiring the scrupulous attention to the fluctuating lines of an evolution of the written language that experiences sudden surges and slowdowns, bouts of fever and moments of hesitation.\u201d Our study on coordination and conjunctive reduplication confirms this issue. This study has allowed us to realize that the stylistic analysis of coordination, even in its simplified form, is very laborious. It has revealed the scope of coordination and the diversity of its uses: nominal, adjectival, adverbial, propositional coordination, etc. Furthermore, with the stylistic functioning of reduplications such as et\u2026et, ou\u2026ou, ni\u2026ni, we have observed that they function exactly like correlative systems and satisfy their essential criteria, namely the reciprocal implication of two grammatical markers.<\/p>\n<p>Keywords: Coordination, conjunction, sentence, reduplication, expression.<\/p>\n","protected":false},"excerpt":{"rendered":"<p>R\u00e9sum\u00e9 Le fran\u00e7ais est \u00ab une langue difficile \u00bb, comme le disait Sidonie Gabrielle Colette (Pr\u00e9face du bon usage, 1936, p.06) et \u00ab se r\u00e9v\u00e8le exigeant le scrupule d\u2019\u00e9pouser les lignes fluctuantes d\u2019une \u00e9volution de la langue \u00e9crite qui connait des pouss\u00e9es brusques et des ralentissements, des acc\u00e8s de fi\u00e8vre et des moments d\u2019h\u00e9sitation \u00bb. [&hellip;]<\/p>\n","protected":false},"author":3,"featured_media":502,"comment_status":"open","ping_status":"open","sticky":false,"template":"","format":"standard","meta":{"saved_in_kubio":false,"footnotes":""},"categories":[28],"tags":[],"class_list":["post-2458","post","type-post","status-publish","format-standard","has-post-thumbnail","hentry","category-a-r"],"_links":{"self":[{"href":"https:\/\/particip-action.com\/index.php?rest_route=\/wp\/v2\/posts\/2458","targetHints":{"allow":["GET"]}}],"collection":[{"href":"https:\/\/particip-action.com\/index.php?rest_route=\/wp\/v2\/posts"}],"about":[{"href":"https:\/\/particip-action.com\/index.php?rest_route=\/wp\/v2\/types\/post"}],"author":[{"embeddable":true,"href":"https:\/\/particip-action.com\/index.php?rest_route=\/wp\/v2\/users\/3"}],"replies":[{"embeddable":true,"href":"https:\/\/particip-action.com\/index.php?rest_route=%2Fwp%2Fv2%2Fcomments&post=2458"}],"version-history":[{"count":2,"href":"https:\/\/particip-action.com\/index.php?rest_route=\/wp\/v2\/posts\/2458\/revisions"}],"predecessor-version":[{"id":2460,"href":"https:\/\/particip-action.com\/index.php?rest_route=\/wp\/v2\/posts\/2458\/revisions\/2460"}],"wp:featuredmedia":[{"embeddable":true,"href":"https:\/\/particip-action.com\/index.php?rest_route=\/wp\/v2\/media\/502"}],"wp:attachment":[{"href":"https:\/\/particip-action.com\/index.php?rest_route=%2Fwp%2Fv2%2Fmedia&parent=2458"}],"wp:term":[{"taxonomy":"category","embeddable":true,"href":"https:\/\/particip-action.com\/index.php?rest_route=%2Fwp%2Fv2%2Fcategories&post=2458"},{"taxonomy":"post_tag","embeddable":true,"href":"https:\/\/particip-action.com\/index.php?rest_route=%2Fwp%2Fv2%2Ftags&post=2458"}],"curies":[{"name":"wp","href":"https:\/\/api.w.org\/{rel}","templated":true}]}}